{"id":218,"date":"2023-09-05T14:26:00","date_gmt":"2023-09-05T12:26:00","guid":{"rendered":"http:\/\/turnverein-zell.de\/web\/?p=218"},"modified":"2023-09-05T14:26:00","modified_gmt":"2023-09-05T12:26:00","slug":"zeller-skater-in-bullay-willkommen","status":"publish","type":"post","link":"http:\/\/turnverein-zell.de\/web\/2023\/09\/05\/zeller-skater-in-bullay-willkommen\/","title":{"rendered":"Zeller Skater in Bullay willkommen"},"content":{"rendered":"\n<p>Ein Hallenengpass in Zell drohte die 10. Auflage der Inliner Ferienfreizeit des TV Zell zu verhindern. Dabei hatten sich viele junge Skater im Vorfeld Inliner und Protektoren besorgt und freuten sich auf ein bewegendes Ereignis. Die Veranstaltung retteten verst\u00e4ndnisvolle Bullayer. Alison Sausen und Matthias M\u00fcller \u00f6ffneten bereitwillig die Tore der Mehrzweckhalle, damit den Kleinen und Kleinsten ein angemessener Ferienspa\u00df bereitet werden konnte. Das fachkundige Team um Kathrin Rosenbaum, Bernd Nickels, dem Vorsitzenden des Zeller Turnvereins und dem Organisator Reiner G\u00f6derz moderierte und vermittelte \u00fcber 3 Stunden vielf\u00e4ltige Tipps und Tricks zur K\u00f6rperbeherrschung und dem sicheren Kurvenverhalten auf Rollen. So kamen alle Skater voll auf ihre Kosten und f\u00fchlten sich in Bullay trotz zahlreicher St\u00fcrze herzlich willkommen.<\/p>\n\n\n\n<figure class=\"wp-block-image size-large\"><img loading=\"lazy\" decoding=\"async\" width=\"1024\" height=\"768\" src=\"http:\/\/turnverein-zell.de\/web\/wp-content\/uploads\/2023\/09\/IMG_6691-1024x768.jpg\" alt=\"\" class=\"wp-image-219\" srcset=\"http:\/\/turnverein-zell.de\/web\/wp-content\/uploads\/2023\/09\/IMG_6691-1024x768.jpg 1024w, http:\/\/turnverein-zell.de\/web\/wp-content\/uploads\/2023\/09\/IMG_6691-300x225.jpg 300w, http:\/\/turnverein-zell.de\/web\/wp-content\/uploads\/2023\/09\/IMG_6691-768x576.jpg 768w, http:\/\/turnverein-zell.de\/web\/wp-content\/uploads\/2023\/09\/IMG_6691-1536x1152.jpg 1536w, http:\/\/turnverein-zell.de\/web\/wp-content\/uploads\/2023\/09\/IMG_6691-2048x1536.jpg 2048w\" sizes=\"auto, (max-width: 767px) 89vw, (max-width: 1000px) 54vw, (max-width: 1071px) 543px, 580px\" \/><\/figure>\n","protected":false},"excerpt":{"rendered":"<p>Ein Hallenengpass in Zell drohte die 10. Auflage der Inliner Ferienfreizeit des TV Zell zu verhindern. Dabei hatten sich viele junge Skater im Vorfeld Inliner und Protektoren besorgt und freuten sich auf ein bewegendes Ereignis. Die Veranstaltung retteten verst\u00e4ndnisvolle Bullayer. Alison Sausen und Matthias M\u00fcller \u00f6ffneten bereitwillig die Tore der Mehrzweckhalle, damit den Kleinen und &hellip; <\/p>\n<p class=\"link-more\"><a href=\"http:\/\/turnverein-zell.de\/web\/2023\/09\/05\/zeller-skater-in-bullay-willkommen\/\" class=\"more-link\"><span class=\"screen-reader-text\">\u201eZeller Skater in Bullay willkommen\u201c <\/span>weiterlesen<\/a><\/p>\n","protected":false},"author":1,"featured_media":0,"comment_status":"closed","ping_status":"","sticky":false,"template":"","format":"standard","meta":{"footnotes":""},"categories":[1],"tags":[],"class_list":["post-218","post","type-post","status-publish","format-standard","hentry","category-allgemein"],"_links":{"self":[{"href":"http:\/\/turnverein-zell.de\/web\/wp-json\/wp\/v2\/posts\/218","targetHints":{"allow":["GET"]}}],"collection":[{"href":"http:\/\/turnverein-zell.de\/web\/wp-json\/wp\/v2\/posts"}],"about":[{"href":"http:\/\/turnverein-zell.de\/web\/wp-json\/wp\/v2\/types\/post"}],"author":[{"embeddable":true,"href":"http:\/\/turnverein-zell.de\/web\/wp-json\/wp\/v2\/users\/1"}],"replies":[{"embeddable":true,"href":"http:\/\/turnverein-zell.de\/web\/wp-json\/wp\/v2\/comments?post=218"}],"version-history":[{"count":1,"href":"http:\/\/turnverein-zell.de\/web\/wp-json\/wp\/v2\/posts\/218\/revisions"}],"predecessor-version":[{"id":220,"href":"http:\/\/turnverein-zell.de\/web\/wp-json\/wp\/v2\/posts\/218\/revisions\/220"}],"wp:attachment":[{"href":"http:\/\/turnverein-zell.de\/web\/wp-json\/wp\/v2\/media?parent=218"}],"wp:term":[{"taxonomy":"category","embeddable":true,"href":"http:\/\/turnverein-zell.de\/web\/wp-json\/wp\/v2\/categories?post=218"},{"taxonomy":"post_tag","embeddable":true,"href":"http:\/\/turnverein-zell.de\/web\/wp-json\/wp\/v2\/tags?post=218"}],"curies":[{"name":"wp","href":"https:\/\/api.w.org\/{rel}","templated":true}]}}